{"id":6385,"date":"2026-04-27T15:08:24","date_gmt":"2026-04-27T20:08:24","guid":{"rendered":"https:\/\/simatol.org\/?p=6385"},"modified":"2026-04-27T15:08:32","modified_gmt":"2026-04-27T20:08:32","slug":"garantizados-los-permisos-sindicales-para-la-jornada-electoral-de-sutet-simatol-en-ibague-y-el-tolima-este-30-de-abril","status":"publish","type":"post","link":"https:\/\/simatol.org\/?p=6385","title":{"rendered":"Garantizados los permisos sindicales para la jornada electoral de SUTET-SIMATOL en Ibagu\u00e9 y el Tolima este 30 de abril"},"content":{"rendered":"<p style=\"text-align: justify;\">La Secretar\u00eda de Educaci\u00f3n de Ibagu\u00e9 (SEMIBAGUE) y la Secretar\u00eda de Educaci\u00f3n del Tolima (SEDTOLIMA), oficializaron la concesi\u00f3n de permiso sindicales remunerados para docentes, directivos docentes y administrativos afiliados a SUTET-SIMATOL, con el fin de garantizar su participaci\u00f3n en la jornada electoral para la elecci\u00f3n de las Subdirectivas Zonales y Comit\u00e9 de \u00c9tica, programada para el pr\u00f3ximo 30 de abril de 2026 a partir de las 7:00 a.m. Esta decisi\u00f3n fortalece el ejercicio democr\u00e1tico, la participaci\u00f3n sindical y el derecho constitucional de asociaci\u00f3n de los trabajadores de la educaci\u00f3n en el departamento del Tolima.<\/p>\n<hr \/>\n<p>&nbsp;<\/p>\n<figure id=\"attachment_6386\" aria-describedby=\"caption-attachment-6386\" style=\"width: 797px\" class=\"wp-caption aligncenter\"><a href=\"https:\/\/simatol.org\/wp-content\/uploads\/2026\/04\/Permiso-Ibague.jpeg\"><img loading=\"lazy\" decoding=\"async\" class=\"size-full wp-image-6386\" src=\"https:\/\/simatol.org\/wp-content\/uploads\/2026\/04\/Permiso-Ibague.jpeg\" alt=\"Permiso Secretar\u00eda de Educaci\u00f3n de Ibagu\u00e9 elecciones 2026\" width=\"797\" height=\"1280\" srcset=\"https:\/\/simatol.org\/wp-content\/uploads\/2026\/04\/Permiso-Ibague.jpeg 797w, https:\/\/simatol.org\/wp-content\/uploads\/2026\/04\/Permiso-Ibague-187x300.jpeg 187w, https:\/\/simatol.org\/wp-content\/uploads\/2026\/04\/Permiso-Ibague-638x1024.jpeg 638w, https:\/\/simatol.org\/wp-content\/uploads\/2026\/04\/Permiso-Ibague-768x1233.jpeg 768w\" sizes=\"auto, (max-width: 797px) 100vw, 797px\" \/><\/a><figcaption id=\"caption-attachment-6386\" class=\"wp-caption-text\">Permiso Secretar\u00eda de Educaci\u00f3n de Ibagu\u00e9 elecciones 2026<\/figcaption><\/figure>\n<p>&nbsp;<\/p>\n<hr \/>\n<p>&nbsp;<\/p>\n<p><a href=\"https:\/\/simatol.org\/wp-content\/uploads\/2026\/04\/Permiso-Tolima.jpeg\"><img loading=\"lazy\" decoding=\"async\" class=\"aligncenter size-full wp-image-6387\" src=\"https:\/\/simatol.org\/wp-content\/uploads\/2026\/04\/Permiso-Tolima.jpeg\" alt=\"\" width=\"910\" height=\"1280\" srcset=\"https:\/\/simatol.org\/wp-content\/uploads\/2026\/04\/Permiso-Tolima.jpeg 910w, https:\/\/simatol.org\/wp-content\/uploads\/2026\/04\/Permiso-Tolima-213x300.jpeg 213w, https:\/\/simatol.org\/wp-content\/uploads\/2026\/04\/Permiso-Tolima-728x1024.jpeg 728w, https:\/\/simatol.org\/wp-content\/uploads\/2026\/04\/Permiso-Tolima-768x1080.jpeg 768w\" sizes=\"auto, (max-width: 910px) 100vw, 910px\" \/><\/a><\/p>\n","protected":false},"excerpt":{"rendered":"<p>La Secretar\u00eda de Educaci\u00f3n de Ibagu\u00e9 (SEMIBAGUE) y la Secretar\u00eda de Educaci\u00f3n del Tolima (SEDTOLIMA), oficializaron la concesi\u00f3n de permiso sindicales remunerados para docentes, directivos docentes y administrativos afiliados a SUTET-SIMATOL, con el fin de garantizar su participaci\u00f3n en la jornada electoral para la elecci\u00f3n de las Subdirectivas Zonales y Comit\u00e9 de \u00c9tica, programada para [&hellip;]<\/p>\n","protected":false},"author":2,"featured_media":6388,"comment_status":"open","ping_status":"open","sticky":false,"template":"","format":"standard","meta":{"footnotes":""},"categories":[9,8],"tags":[2053,2054,2052],"class_list":["post-6385","post","type-post","status-publish","format-standard","has-post-thumbnail","hentry","category-noticias","category-noticias-destacadas","tag-permiso-elecciones-sindicales","tag-permiso-secretaria-de-educacion","tag-permisos-sindical"],"_links":{"self":[{"href":"https:\/\/simatol.org\/index.php?rest_route=\/wp\/v2\/posts\/6385","targetHints":{"allow":["GET"]}}],"collection":[{"href":"https:\/\/simatol.org\/index.php?rest_route=\/wp\/v2\/posts"}],"about":[{"href":"https:\/\/simatol.org\/index.php?rest_route=\/wp\/v2\/types\/post"}],"author":[{"embeddable":true,"href":"https:\/\/simatol.org\/index.php?rest_route=\/wp\/v2\/users\/2"}],"replies":[{"embeddable":true,"href":"https:\/\/simatol.org\/index.php?rest_route=%2Fwp%2Fv2%2Fcomments&post=6385"}],"version-history":[{"count":2,"href":"https:\/\/simatol.org\/index.php?rest_route=\/wp\/v2\/posts\/6385\/revisions"}],"predecessor-version":[{"id":6390,"href":"https:\/\/simatol.org\/index.php?rest_route=\/wp\/v2\/posts\/6385\/revisions\/6390"}],"wp:featuredmedia":[{"embeddable":true,"href":"https:\/\/simatol.org\/index.php?rest_route=\/wp\/v2\/media\/6388"}],"wp:attachment":[{"href":"https:\/\/simatol.org\/index.php?rest_route=%2Fwp%2Fv2%2Fmedia&parent=6385"}],"wp:term":[{"taxonomy":"category","embeddable":true,"href":"https:\/\/simatol.org\/index.php?rest_route=%2Fwp%2Fv2%2Fcategories&post=6385"},{"taxonomy":"post_tag","embeddable":true,"href":"https:\/\/simatol.org\/index.php?rest_route=%2Fwp%2Fv2%2Ftags&post=6385"}],"curies":[{"name":"wp","href":"https:\/\/api.w.org\/{rel}","templated":true}]}}