{"id":6391,"date":"2026-04-28T09:13:01","date_gmt":"2026-04-28T14:13:01","guid":{"rendered":"https:\/\/simatol.org\/?p=6391"},"modified":"2026-04-28T09:13:23","modified_gmt":"2026-04-28T14:13:23","slug":"resolucion-no-003-de-abril-27-de-2026-por-la-cual-se-modifica-parcialmente-la-resolucion-002-del-27-de-marzo-de-2026","status":"publish","type":"post","link":"https:\/\/simatol.org\/?p=6391","title":{"rendered":"Resoluci\u00f3n No. 003 de Abril 27 de 2026 &#8211; Por la cual se modifica parcialmente la Resoluci\u00f3n 002 del 27 de Marzo de 2026."},"content":{"rendered":"<p style=\"text-align: justify;\">Por la cual se modifica parcialmente la Resoluci\u00f3n 002 del 27 de Marzo de 2026 mediante la cual se reglament\u00f3 el proceso eleccionario de los integrantes de las Subdirectivas Sindicales Municipales, Comit\u00e9s Seccionales y Zonales de Ibagu\u00e9 de SUTET-SIMATOL, periodo comprendido entre 2026 y 2030 y se eligen unos integrantes del Comit\u00e9 de \u00c9tica.<\/p>\n<p>&nbsp;<\/p>\n<hr \/>\n<div class=\"ead-preview\"><div class=\"ead-document\" style=\"position: relative;padding-top: 90%;\"><div class=\"ead-iframe-wrapper\"><iframe src=\"\/\/docs.google.com\/viewer?url=https%3A%2F%2Fsimatol.org%2Fwp-content%2Fuploads%2F2026%2F04%2FRESOLUCION-No.-03-DE-2026-PROCESO-ELECCIONARIO-SUBBDIRECTIVAS-ABRIL-27-DE-2026.pdf&amp;embedded=true&amp;hl=en\" title=\"Documento incrustado\" class=\"ead-iframe\" style=\"width: 100%;height: 100%;border: none;position: absolute;left: 0;top: 0;visibility: hidden;\"><\/iframe><\/div>\t\t\t<div class=\"ead-document-loading\" style=\"width:100%;height:100%;position:absolute;left:0;top:0;z-index:10;\">\n\t\t\t\t<div class=\"ead-loading-wrap\">\n\t\t\t\t\t<div class=\"ead-loading-main\">\n\t\t\t\t\t\t<div class=\"ead-loading\">\n\t\t\t\t\t\t\t<img loading=\"lazy\" decoding=\"async\" src=\"https:\/\/simatol.org\/wp-content\/plugins\/embed-any-document\/images\/loading.svg\" width=\"55\" height=\"55\" alt=\"Cargador\">\n\t\t\t\t\t\t\t<span>Cargando...<\/span>\n\t\t\t\t\t\t<\/div>\n\t\t\t\t\t<\/div>\n\t\t\t\t\t<div class=\"ead-loading-foot\">\n\t\t\t\t\t\t<div class=\"ead-loading-foot-title\">\n\t\t\t\t\t\t\t<img loading=\"lazy\" decoding=\"async\" src=\"https:\/\/simatol.org\/wp-content\/plugins\/embed-any-document\/images\/EAD-logo.svg\" alt=\"Logotipo de EAD\" width=\"36\" height=\"23\"\/>\n\t\t\t\t\t\t\t<span>\u00bfTarda demasiado?<\/span>\n\t\t\t\t\t\t<\/div>\n\t\t\t\t\t\t<div class=\"ead-document-btn ead-reload-btn\" role=\"button\">\n\t\t\t\t\t\t\t\t<img loading=\"lazy\" decoding=\"async\" src=\"https:\/\/simatol.org\/wp-content\/plugins\/embed-any-document\/images\/reload.svg\" alt=\"Recargar\" width=\"12\" height=\"12\"\/> Recargar el documento\t\t\t\t\t\t\t<\/div>\n\t\t\t\t\t\t\t<span>|<\/span>\n\t\t\t\t\t\t\t<a href=\"https:\/\/simatol.org\/wp-content\/uploads\/2026\/04\/RESOLUCION-No.-03-DE-2026-PROCESO-ELECCIONARIO-SUBBDIRECTIVAS-ABRIL-27-DE-2026.pdf\" class=\"ead-document-btn\" target=\"_blank\">\n\t\t\t\t\t\t\t\t<img loading=\"lazy\" decoding=\"async\" src=\"https:\/\/simatol.org\/wp-content\/plugins\/embed-any-document\/images\/open.svg\" alt=\"Abrir\" width=\"12\" height=\"12\"\/> Abrir en una nueva pesta\u00f1a\t\t\t\t\t\t\t<\/a>\n\t\t\t\t\t<\/div>\n\t\t\t\t<\/div>\n\t\t\t<\/div>\n\t\t<\/div><p class=\"embed_download\"><a href=\"https:\/\/simatol.org\/wp-content\/uploads\/2026\/04\/RESOLUCION-No.-03-DE-2026-PROCESO-ELECCIONARIO-SUBBDIRECTIVAS-ABRIL-27-DE-2026.pdf\" download>Descargar Aqu\u00ed [321.05 KB] <\/a><\/p><\/div>\n","protected":false},"excerpt":{"rendered":"<p>Por la cual se modifica parcialmente la Resoluci\u00f3n 002 del 27 de Marzo de 2026 mediante la cual se reglament\u00f3 el proceso eleccionario de los integrantes de las Subdirectivas Sindicales Municipales, Comit\u00e9s Seccionales y Zonales de Ibagu\u00e9 de SUTET-SIMATOL, periodo comprendido entre 2026 y 2030 y se eligen unos integrantes del Comit\u00e9 de \u00c9tica. &nbsp;<\/p>\n","protected":false},"author":2,"featured_media":6393,"comment_status":"open","ping_status":"open","sticky":false,"template":"","format":"standard","meta":{"footnotes":""},"categories":[21,22],"tags":[2057,2056,2055],"class_list":["post-6391","post","type-post","status-publish","format-standard","has-post-thumbnail","hentry","category-resolucion","category-resoluciones-simatol","tag-modificacion-a-resolucion","tag-resolucion-003","tag-resolucion-003-de-abril-27-de-2026"],"_links":{"self":[{"href":"https:\/\/simatol.org\/index.php?rest_route=\/wp\/v2\/posts\/6391","targetHints":{"allow":["GET"]}}],"collection":[{"href":"https:\/\/simatol.org\/index.php?rest_route=\/wp\/v2\/posts"}],"about":[{"href":"https:\/\/simatol.org\/index.php?rest_route=\/wp\/v2\/types\/post"}],"author":[{"embeddable":true,"href":"https:\/\/simatol.org\/index.php?rest_route=\/wp\/v2\/users\/2"}],"replies":[{"embeddable":true,"href":"https:\/\/simatol.org\/index.php?rest_route=%2Fwp%2Fv2%2Fcomments&post=6391"}],"version-history":[{"count":2,"href":"https:\/\/simatol.org\/index.php?rest_route=\/wp\/v2\/posts\/6391\/revisions"}],"predecessor-version":[{"id":6395,"href":"https:\/\/simatol.org\/index.php?rest_route=\/wp\/v2\/posts\/6391\/revisions\/6395"}],"wp:featuredmedia":[{"embeddable":true,"href":"https:\/\/simatol.org\/index.php?rest_route=\/wp\/v2\/media\/6393"}],"wp:attachment":[{"href":"https:\/\/simatol.org\/index.php?rest_route=%2Fwp%2Fv2%2Fmedia&parent=6391"}],"wp:term":[{"taxonomy":"category","embeddable":true,"href":"https:\/\/simatol.org\/index.php?rest_route=%2Fwp%2Fv2%2Fcategories&post=6391"},{"taxonomy":"post_tag","embeddable":true,"href":"https:\/\/simatol.org\/index.php?rest_route=%2Fwp%2Fv2%2Ftags&post=6391"}],"curies":[{"name":"wp","href":"https:\/\/api.w.org\/{rel}","templated":true}]}}